{"id":1820,"date":"2019-01-07T19:38:09","date_gmt":"2019-01-07T18:38:09","guid":{"rendered":"https:\/\/www.rutasdetierraymar.com\/?p=1820"},"modified":"2019-01-07T19:44:10","modified_gmt":"2019-01-07T18:44:10","slug":"que-cetaceos-vimos-en-2018","status":"publish","type":"post","link":"https:\/\/www.rutasdetierraymar.com\/en\/que-cetaceos-vimos-en-2018","title":{"rendered":"Qu\u00e9 cet\u00e1ceos vimos en 2018"},"content":{"rendered":"<div class=\"ixo-submain\"><div class=\"ixo-submain-h g-html i-cf\"><p>INFORME SOBRE POBLACIONES DE CET\u00c1CEOS 2018.<\/p>\n<p>-Como todos los a\u00f1os, Cet\u00e1ceos &#038; Navegaci\u00f3n recoge datos sobre cet\u00e1ceos en sus navegaciones para observar vida marina.<\/p>\n<p>-Siguiendo con la filosof\u00eda que la empresa se marc\u00f3 en su origen,  utilizamos las excursiones y rutas en obtener informaci\u00f3n de las poblaciones de cet\u00e1ceos y dedicar parte de nuestro tiempo a la investigaci\u00f3n del medio marino.<\/p>\n<p>-Nuestros 2 barcos, la goleta Karyam con base en Cartagena,  recorre las aguas del Golfo de Vera (Murcia y Almer\u00eda) y el Osprey II con base en Mazarr\u00f3n, las aguas de la Bah\u00eda  de Mazarr\u00f3n, enclavado dentro de este Golfo.<\/p>\n<p>-Personas encargadas de recoger los avistamientos de cet\u00e1ceos en 2018:<br \/>\nPaloma Carrasco, Ocean\u00f3grafa.<br \/>\nAntonio M\u00e9ndez, patr\u00f3n del Karyam y Osprey II<br \/>\nJose  Javier Oliva, patr\u00f3n del Osprey II<\/p>\n<p>\u2022\tGOLFO DE VERA Y BAHIA DE MAZARR\u00d3N.<\/p>\n<p>-Los datos aportados en esta tabla  2018 han sido realizadas dentro del Golfo de Vera y Bah\u00eda de Mazarr\u00f3n<\/p>\n<p>-Hemos realizado 176 d\u00edas de navegaciones  desde Enero a Diciembre 2018<\/p>\n<p>Cabr\u00eda destacar:<\/p>\n<p>-En cuanto a los avistamientos,  2018 ha subido en todas las especies excepto en Delf\u00edn listado (Stenella coeruleoalba), creemos que precisamente por la mayor presencia de Tursiops truncatus (Delf\u00edn mular) y de Delphinus delphis (Delf\u00edn com\u00fan), habi\u00e9ndose realizado muchos avistamientos de Delf\u00edn listado, fuera de sus zonas habituales<\/p>\n<p>&#8211; La especie dominante, ha vuelto a ser  la especie  Stenella coeruleoalba (Delf\u00edn listado).<\/p>\n<p>-La segunda especie m\u00e1s avistada sigue siendo Globicephala melas (Calder\u00f3n com\u00fan) que ha subido bastante el n\u00ba de avistamientos<\/p>\n<p>&#8211; La importancia de la Bah\u00eda de Mazarr\u00f3n y aguas adyacentes para el Stenella coeruleoalba (Delf\u00edn listado), zona donde podemos observar esta especie con gran n\u00ba de cr\u00edas, con lo que la zona cobra una doble importancia, ya no s\u00f3lo como zona de  alimentaci\u00f3n sino de zona de cr\u00eda.<\/p>\n<p>&#8211; La importancia del Golfo de Vera para especies tan carism\u00e1ticas como Globicephala melas (Calder\u00f3n com\u00fan)<\/p>\n<p>-El avistamiento  de  Zifius Cavirostris (Zifio de Cuvier) , que ha subido a 3<\/p>\n<p>&#8211; El aumento de los avistamientos de Balaenoptera physalus (Rorcual com\u00fan) que ha subido a 8 y de Physeter macrocephalus (Cachalote), que ha subido a 5<\/p>\n<p>-La presencia de (Megaptera novaeangliae) Yubarta  , un avistamiento muy at\u00edpico, que estuvo al menos 6 dias por la zona y realizamos 4 avistamientos.<\/p>\n<p>         ESPECIE\t                N\u00ba DE AVISTAMIENTOS 2018<br \/>\nTursiops truncatus (Delf\u00edn mular)\t      42<br \/>\nStenella coeruleoalba (Delf\u00edn listado)\t      117<br \/>\nDelphinus delphis (Delf\u00edn com\u00fan)\t      21<br \/>\nGlobicephala melas (Calder\u00f3n com\u00fan)\t      60<br \/>\nGrampus griseus (Calder\u00f3n gris)\t              9<br \/>\nPhyseter macrocephalus (Cachalote)\t      5<br \/>\nZifius Cavirostris (Zifio de Cuvier)\t      3<br \/>\nBalaenoptera physalus (Rorcual com\u00fan)\t      8<br \/>\nDelf\u00edn sin identificar sp.*\t              12<br \/>\n(Megaptera novaeangliae)Yubarta  \t      4<\/p>\n<p><iframe loading=\"lazy\" width=\"1500\" height=\"844\" src=\"https:\/\/www.youtube.com\/embed\/mCtAgQlt0ow?start=4&#038;feature=oembed\" frameborder=\"0\" allow=\"accelerometer; autoplay; encrypted-media; gyroscope; picture-in-picture\" allowfullscreen><\/iframe><\/p>\n<\/div><\/div>","protected":false},"excerpt":{"rendered":"<p>INFORME SOBRE POBLACIONES DE CET\u00c1CEOS 2018. -Como todos los a\u00f1os, Cet\u00e1ceos &#038; Navegaci\u00f3n recoge datos sobre cet\u00e1ceos en sus navegaciones para observar vida marina. -Siguiendo con la filosof\u00eda que la empresa se marc\u00f3 en su origen, utilizamos las excursiones y&#8230;<\/p>\n","protected":false},"author":2,"featured_media":1821,"comment_status":"open","ping_status":"open","sticky":false,"template":"","format":"standard","meta":{"footnotes":""},"categories":[1],"tags":[],"class_list":["post-1820","post","type-post","status-publish","format-standard","has-post-thumbnail","hentry","category-blog"],"aioseo_notices":[],"_links":{"self":[{"href":"https:\/\/www.rutasdetierraymar.com\/en\/wp-json\/wp\/v2\/posts\/1820","targetHints":{"allow":["GET"]}}],"collection":[{"href":"https:\/\/www.rutasdetierraymar.com\/en\/wp-json\/wp\/v2\/posts"}],"about":[{"href":"https:\/\/www.rutasdetierraymar.com\/en\/wp-json\/wp\/v2\/types\/post"}],"author":[{"embeddable":true,"href":"https:\/\/www.rutasdetierraymar.com\/en\/wp-json\/wp\/v2\/users\/2"}],"replies":[{"embeddable":true,"href":"https:\/\/www.rutasdetierraymar.com\/en\/wp-json\/wp\/v2\/comments?post=1820"}],"version-history":[{"count":4,"href":"https:\/\/www.rutasdetierraymar.com\/en\/wp-json\/wp\/v2\/posts\/1820\/revisions"}],"predecessor-version":[{"id":1827,"href":"https:\/\/www.rutasdetierraymar.com\/en\/wp-json\/wp\/v2\/posts\/1820\/revisions\/1827"}],"wp:featuredmedia":[{"embeddable":true,"href":"https:\/\/www.rutasdetierraymar.com\/en\/wp-json\/wp\/v2\/media\/1821"}],"wp:attachment":[{"href":"https:\/\/www.rutasdetierraymar.com\/en\/wp-json\/wp\/v2\/media?parent=1820"}],"wp:term":[{"taxonomy":"category","embeddable":true,"href":"https:\/\/www.rutasdetierraymar.com\/en\/wp-json\/wp\/v2\/categories?post=1820"},{"taxonomy":"post_tag","embeddable":true,"href":"https:\/\/www.rutasdetierraymar.com\/en\/wp-json\/wp\/v2\/tags?post=1820"}],"curies":[{"name":"wp","href":"https:\/\/api.w.org\/{rel}","templated":true}]}}